[{"@context":"https:\/\/schema.org\/","@type":"Article","@id":"https:\/\/www.juvit.sk\/nepovedal-o-mne\/#Article","mainEntityOfPage":"https:\/\/www.juvit.sk\/nepovedal-o-mne\/","headline":"Nepovedal o mne","name":"Nepovedal o mne","description":"\u00a0Mam partnera, naozaj kr\u00e1tko, 2 mesiace. Ja m\u00e1m dc\u00e9ru 12 rokov, on chlapca a diev\u010da 11 a 8 rokov. Deti do toho ne\u0165ah\u00e1me, tak\u017ee sa sch\u00e1dzame, ke\u010f s\u00fa deti u druh\u00e9ho rodi\u010da. Ja som 4 roky rozveden\u00e1, on e\u0161te rozveden\u00e9 nie je. So \u017eenou spolu neb\u00fdvali. Ona u\u017e m\u00e1 nejak\u00e9ho priate\u013ea sn\u00e1\u010f. Ide mi o...<p class=\"more-link-wrap\"><a href=\"https:\/\/www.juvit.sk\/nepovedal-o-mne\/\" class=\"more-link\">Pre\u010d\u00edta\u0165<span class=\"screen-reader-text\"> &ldquo;Nepovedal o mne&rdquo;<\/span> &raquo;<\/a><\/p>","datePublished":"2023-05-28","dateModified":"2023-12-28","author":{"@type":"Person","@id":"https:\/\/www.juvit.sk\/author\/#Person","name":"","url":"https:\/\/www.juvit.sk\/author\/","identifier":1,"image":{"@type":"ImageObject","@id":"https:\/\/secure.gravatar.com\/avatar\/9994033610bfa8d5c75e7c2dd1b5bdd54900f4ed2e7e5c6722d4887246e31af4?s=96&d=mm&r=g","url":"https:\/\/secure.gravatar.com\/avatar\/9994033610bfa8d5c75e7c2dd1b5bdd54900f4ed2e7e5c6722d4887246e31af4?s=96&d=mm&r=g","height":96,"width":96}},"publisher":{"@type":"Organization","name":"juvit.sk","logo":{"@type":"ImageObject","@id":"\/logo.png","url":"\/logo.png","width":600,"height":60}},"image":{"@type":"ImageObject","@id":"https:\/\/www.juvit.sk\/wp-content\/uploads\/couple-1718244_1280%20(1)_10_10_10_10_4.jpg","url":"https:\/\/www.juvit.sk\/wp-content\/uploads\/couple-1718244_1280%20(1)_10_10_10_10_4.jpg","height":0,"width":0},"url":"https:\/\/www.juvit.sk\/nepovedal-o-mne\/","about":["Lifestyle"],"wordCount":418,"articleBody":"\u00a0Mam partnera, naozaj kr\u00e1tko, 2 mesiace. Ja m\u00e1m dc\u00e9ru 12 rokov, on chlapca a diev\u010da 11 a 8 rokov. Deti do toho ne\u0165ah\u00e1me, tak\u017ee sa sch\u00e1dzame, ke\u010f s\u00fa deti u druh\u00e9ho rodi\u010da. Ja som 4 roky rozveden\u00e1, on e\u0161te rozveden\u00e9 nie je. So \u017eenou spolu neb\u00fdvali. Ona u\u017e m\u00e1 nejak\u00e9ho priate\u013ea sn\u00e1\u010f. Ide mi o to, \u017ee neprizn\u00e1 treba svoje mame, ktor\u00e1 mu str\u00e1\u017ei deti, \u017ee m\u00e1 rande. Proste ma zapira. Ja samozrejme nechcem aby ma predstavoval celej rodine, nemus\u00ed o m\u0148a ni\u010d hovori\u0165, ale pre\u010do nepoveda\u0165 z jedu na rande. Potom mu mama vol\u00e1 kde je, a on ju povie \u017ee v obcho\u010f\u00e1ku a pritom je pri mne, pr\u00edde mi to divn\u00e9. So \u017eenou nemaj\u00fa \u00fapln\u00fd priate\u013esk\u00fd vz\u0165ah, a on mi hovoril, \u017ee doteraz nemusel rie\u0161i\u0165 rozvod, nemal k tomu d\u00f4vod.Ja to ale nech\u00e1pem. Predsa to \u010dlovek chce ma\u0165 vyrie\u0161en\u00e9. Teraz mi aj povedal, \u017ee vlastne plat\u00ed hypoteku na oba dva byty ktor\u00e9 maj\u00fa, ona b\u00fdvali v jednom a on v druhom. Ukazoval mi spravu, kde mu p\u00edsala, \u017ee vie, \u017ee niekoho m\u00e1 a \u017ee je tr\u00e1pne, \u017ee sa takto d\u00e1 a \u017ee chce rozvod. Ona mu o tom rozvode hovor\u00ed u\u017e dlho, on sa k tomu nejako nem\u00e1. Ke\u010f mu poviem, \u017ee sa mi to celkom \u010di divn\u00e9, tak hovor\u00ed \u017ee sa zn\u00e1me kr\u00e1tko a \u017ee to \u010dasom v\u0161etko vyrie\u0161i. Proste sa mi to celkom nep\u00e1\u010di a m\u00e1m ve\u013emi pocit, \u017ee takto to bude cel\u00fd \u010das. Ale naozaj nech\u00e1pem, \u017ee aj ke\u010f spolu neb\u00fdvali, \u017eena ho vlastne nezn\u00e1\u0161a a chce rozvod, on tvrd\u00ed o \u0148u to ist\u00e9 tak si kladiem ot\u00e1zku, pre\u010do sa takto spr\u00e1va.Hovoril \u017ee sa boja \u010do na to deti, \u017ee s\u00fa na neho fixovan\u00e9. Ja tomu rozumiem, ale deti nie s\u00fa hl\u00fape a e\u0161te ke\u010f spolu u\u017e neb\u00fdvali. Nejako neviem ako sa k tomu postavi\u0165. Nechcem mu ni\u010d vy\u010d\u00edta\u0165 a v\u00f4bec ho do nie\u010doho tla\u010di\u0165 po 2 mesiacoch ale z\u00e1rove\u0148 sa boj\u00edm, \u017ee nebude schopn\u00fd vyrie\u0161i\u0165 svoju situ\u00e1ciu, preto\u017ee mi to tak pr\u00edde. Rozm\u00fd\u0161\u013eam, \u010di m\u00e1m e\u0161te po\u010dka\u0165 nejak\u00fd \u010das, \u010di sa k rozvodu odhodl\u00e1 alebo sa s n\u00edm roz\u00eds\u0165 a nerie\u0161i\u0165 to&#8230; Pr\u00edde mi divn\u00e9, \u017ee o mne nikomu z rodiny ni\u010d nepovedal doteraz.                                                                                                                                                                                                                                                                                                                                                                                                "},{"@context":"https:\/\/schema.org\/","@type":"BreadcrumbList","itemListElement":[{"@type":"ListItem","position":1,"name":"Nepovedal o mne","item":"https:\/\/www.juvit.sk\/nepovedal-o-mne\/#breadcrumbitem"}]}]