[{"@context":"https:\/\/schema.org\/","@type":"Article","@id":"https:\/\/www.juvit.sk\/mate-radi-zimu\/#Article","mainEntityOfPage":"https:\/\/www.juvit.sk\/mate-radi-zimu\/","headline":"M\u00e1te radi zimu?","name":"M\u00e1te radi zimu?","description":"Zima je kr\u00e1sne ro\u010dn\u00e9 obdobie. Je to obdobie kedy napadne prv\u00ed sneh a zvierat\u00e1 sa ukladaj\u00fa na dlh\u00fd sp\u00e1nok. Cel\u00e1 pr\u00edroda sa zastav\u00ed a mr\u00e1z ju sprav\u00ed e\u0161te kraj\u0161ou. Nie ka\u017ed\u00fd z n\u00e1s ju v\u0161ak m\u00e1 r\u00e1d. Nemaj\u00fa radi chladn\u00e9 dni a dlh\u00e9 dni bez slnka. Ja v\u00e1m ale prin\u00e1\u0161am zop\u00e1r vec\u00ed pre ktor\u00e9 som...<p class=\"more-link-wrap\"><a href=\"https:\/\/www.juvit.sk\/mate-radi-zimu\/\" class=\"more-link\">Pre\u010d\u00edta\u0165<span class=\"screen-reader-text\"> &ldquo;M\u00e1te radi zimu?&rdquo;<\/span> &raquo;<\/a><\/p>","datePublished":"2018-07-15","dateModified":"2018-07-15","author":{"@type":"Person","@id":"https:\/\/www.juvit.sk\/author\/#Person","name":"","url":"https:\/\/www.juvit.sk\/author\/","identifier":1,"image":{"@type":"ImageObject","@id":"https:\/\/secure.gravatar.com\/avatar\/9994033610bfa8d5c75e7c2dd1b5bdd54900f4ed2e7e5c6722d4887246e31af4?s=96&d=mm&r=g","url":"https:\/\/secure.gravatar.com\/avatar\/9994033610bfa8d5c75e7c2dd1b5bdd54900f4ed2e7e5c6722d4887246e31af4?s=96&d=mm&r=g","height":96,"width":96}},"publisher":{"@type":"Organization","name":"juvit.sk","logo":{"@type":"ImageObject","@id":"\/logo.png","url":"\/logo.png","width":600,"height":60}},"image":{"@type":"ImageObject","@id":"https:\/\/www.juvit.sk\/wp-content\/uploads\/img_a289823_w16550_t1532361594.jpg","url":"https:\/\/www.juvit.sk\/wp-content\/uploads\/img_a289823_w16550_t1532361594.jpg","height":0,"width":0},"url":"https:\/\/www.juvit.sk\/mate-radi-zimu\/","wordCount":404,"articleBody":"Zima je kr\u00e1sne ro\u010dn\u00e9 obdobie. Je to obdobie kedy napadne prv\u00ed sneh a zvierat\u00e1 sa ukladaj\u00fa na dlh\u00fd sp\u00e1nok. Cel\u00e1 pr\u00edroda sa zastav\u00ed a mr\u00e1z ju sprav\u00ed e\u0161te kraj\u0161ou. Nie ka\u017ed\u00fd z n\u00e1s ju v\u0161ak m\u00e1 r\u00e1d. Nemaj\u00fa radi chladn\u00e9 dni a dlh\u00e9 dni bez slnka. Ja v\u00e1m ale prin\u00e1\u0161am zop\u00e1r vec\u00ed pre ktor\u00e9 som si zimu zamilovala. Ver\u00edm, \u017ee t\u00fdm ktor\u00fd ju neob\u013eubuj\u00fa prinesiem nie\u010do pre \u010do zmenia aspo\u0148 trochu n\u00e1zor. Dlh\u00e9 zimn\u00e9 ve\u010deri Pre m\u0148a nie je ni\u010d lep\u0161ie ako zimn\u00fd ve\u010der str\u00e1ven\u00fd doma sch\u00falen\u00e1 pod dekou. Urob\u00edm si v\u00fdborn\u00fd \u010daj a pre\u010d\u00edtam ob\u013e\u00faben\u00fa knihu. Ke\u010f sa pozriem z okna vid\u00edm kr\u00e1snu zasne\u017een\u00fa krajinu. Tak\u00e9to ve\u010deri s\u00fa ide\u00e1lne na pozretie si dobr\u00e9ho filmu alebo str\u00e1venia ho s najbli\u017e\u0161\u00edmi. Ve\u010der je vhodn\u00fd aj na prech\u00e1dzku. Ka\u017ed\u00fd zalezie domov a ulice sa vypr\u00e1zdnia. Ak v\u00e1m neprek\u00e1\u017ea chladn\u00e9 po\u010dasie tak je to ide\u00e1lne. \u0160port To \u017ee je zima by n\u00e1s nemalo zastavi\u0165 v pohybe. Medzi najob\u013e\u00fabenej\u0161ie zimn\u00e9 \u0161porty patr\u00ed ly\u017eovanie, krasokor\u010du\u013eovanie, snowboard \u010di be\u017ekovanie. Nemus\u00edte teda sedie\u0165 len zatvoren\u00fd doma. M\u00f4\u017eete \u00eds\u0165 na prech\u00e1dzku do pr\u00edrody alebo si \u00eds\u0165 len postavi\u0165 snehuliaka s de\u0165mi. Jedn\u00fdm ob\u013e\u00faben\u00fdm \u0161portom je taktie\u017e hokej. Nemus\u00edte by\u0165 \u017eiadny profesion\u00e1li. Sta\u010d\u00ed v\u00e1m pokojne aj zamrznut\u00e9 jazero a z\u00e1bava je na svete! Oble\u010denie Pote\u0161enie najm\u00e4 pre d\u00e1my! \u00c1no aj zima je ro\u010dn\u00e9 obdobie kedy m\u00f4\u017eete prezentova\u0165 r\u00f4zne \u201eoutfity\u201c. Ide\u00e1lne s\u00fa r\u00f4zne bundy alebo kab\u00e1ty, ktor\u00e9 up\u00fataj\u00fa pozornos\u0165. V zasne\u017eenom prostred\u00ed vynikn\u00fa vesel\u00e9 farby. Nebojte sa ani ko\u017eu\u0161\u00edn. Toto obdobie je na ne ide\u00e1lne. Skvel\u00fdm doplnkom s\u00fa aj \u0161\u00e1ly, \u010diapky \u010di rukavice a samozrejme top\u00e1nky. \u010ealej je to pr\u00edle\u017eitos\u0165 na nosenie r\u00f4znych svetrov. Ob\u013e\u00faben\u00e9 v poslednom obdob\u00ed s\u00fa over-size svetre. Tak \u010do? Zaujala som v\u00e1s aspo\u0148 trochu? Ja ver\u00edm \u017ee \u00e1no. Mus\u00edte h\u013eada\u0165 na v\u0161etkom pozit\u00edva. Potom bude v\u00e1\u0161 de\u0148 kr\u00e1sny v ka\u017edom ro\u010dnom obdob\u00ed. \u017diadne obdobie nie je ide\u00e1lne. Mus\u00edme sa v\u0161ak vedie\u0165 prisp\u00f4sobi\u0165.                                                                                                                                                                                                                                                                                                                                                                                                 "},{"@context":"https:\/\/schema.org\/","@type":"BreadcrumbList","itemListElement":[{"@type":"ListItem","position":1,"name":"M\u00e1te radi zimu?","item":"https:\/\/www.juvit.sk\/mate-radi-zimu\/#breadcrumbitem"}]}]